{"books_html":"<!-- Tab Content -->\n<div class=\"tab-content\" id=\"pills-tabContent\">\n    <div class=\"tab-pane fade show active\" id=\"grid-container\" role=\"tabpanel\" aria-labelledby=\"grid-view\">\n        <!-- Mockup Block -->\n                    <ul class=\"products list-unstyled row no-gutters row-cols-2 row-cols-lg-3 row-cols-wd-4 border-top border-left mb-6\"\n                id=\"books_container\">\n                                                        <li class=\"product col\">\n                        <div class=\"product__inner overflow-hidden p-3 p-md-4d875\">\n                            <div\n                                class=\"product__link position-relative\">\n                                <div class=\"product__thumbnail\">\n                                    <a href=\"https:\/\/www.riebu.fr\/books\/9782346127498\/L%C3%A9o%C3%AFsiades---Ou-Mon-journal-de-po%C3%A8te\"\n                                        class=\"d-block\">\n                                        <img src=\"\/storage\/books\/covers\/9782346127498.jpg\"\n                                            class=\"img-fluid d-block mx-auto attachment-shop_catalog size-shop_catalog wp-post-image img-fluid\"\n                                            alt=\"image-description\"><\/a>\n                                <\/div>\n                                <div class=\"product__body product__body pt-3 bg-white\">\n                                    <div class=\"text-uppercase font-size-1 mb-1 text-truncate text-center\">\n                                        <a\n                                            href=\"https:\/\/www.riebu.fr\/books\/9782346127498\/L%C3%A9o%C3%AFsiades---Ou-Mon-journal-de-po%C3%A8te\">EPUB<\/a>\n                                    <\/div>\n                                    <h2\n                                        class=\"product__title product__title h6 text-lh-md mb-1 text-height-2 crop-text-2 h-dark\">\n                                        <a\n                                            href=\"https:\/\/www.riebu.fr\/books\/9782346127498\/L%C3%A9o%C3%AFsiades---Ou-Mon-journal-de-po%C3%A8te\">\n                                            L\u00e9o\u00efsiades - Ou Mon journal de po\u00e8te\n                                        <\/a>\n                                    <\/h2>\n                                                                                                                <div class=\"font-size-2  mb-1 text-truncate\">\n                                            <a href=\"https:\/\/www.riebu.fr\/authors\/33761\" class=\"text-gray-700\">\n                                                L\u00e9opold-L\u00e9o\u00efs Dupuy-P\u00e9you\n                                            <\/a>\n                                        <\/div>\n                                                                        \n                                    <div class=\"price d-flex align-items-center font-weight-medium font-size-3\">\n                                        <span class=\"woocommerce-Price-amount amount\">\n                                                                                            3,49EUR\n                                                                                    <\/span>\n                                    <\/div>\n                                                                        <div class=\"product__rating d-flex align-items-center font-size-2\">\n                                        <div class=\"text-yellow-darker mr-2\" title=\"0.0\">\n                                                                                                                                                                                    <small class=\"far fa-star\"><\/small>\n                                                                                            <small class=\"far fa-star\"><\/small>\n                                                                                            <small class=\"far fa-star\"><\/small>\n                                                                                            <small class=\"far fa-star\"><\/small>\n                                                                                            <small class=\"far fa-star\"><\/small>\n                                                                                    <\/div>\n                                        <div>(0)<\/div>\n                                    <\/div>\n                                <\/div>\n                                <div class=\"product__hover d-flex align-items-center\">\n                                                                                                                        <a href=\"javascript:\" data-target=\"51072\"\n                                                class=\"text-uppercase text-dark h-dark font-weight-medium mr-auto add-to-cart\"\n                                                title=\"Ajouter au panier\">\n                                                <span class=\"product__add-to-cart\">Ajouter au panier<\/span>\n                                                <span class=\"product__add-to-cart-icon font-size-4\">\n                                                    <i class=\"flaticon-icon-126515\"><\/i>\n                                                <\/span>\n                                            <\/a>\n                                                                                                                                                    \n                                <\/div>\n                            <\/div>\n                        <\/div>\n                    <\/li>\n                                                        <li class=\"product col\">\n                        <div class=\"product__inner overflow-hidden p-3 p-md-4d875\">\n                            <div\n                                class=\"product__link position-relative\">\n                                <div class=\"product__thumbnail\">\n                                    <a href=\"https:\/\/www.riebu.fr\/books\/9782346127481\/La-V%C3%A9rit%C3%A9---Chronique-du-24-avril-au-19-mai-1848\"\n                                        class=\"d-block\">\n                                        <img src=\"\/storage\/books\/covers\/9782346127481.jpg\"\n                                            class=\"img-fluid d-block mx-auto attachment-shop_catalog size-shop_catalog wp-post-image img-fluid\"\n                                            alt=\"image-description\"><\/a>\n                                <\/div>\n                                <div class=\"product__body product__body pt-3 bg-white\">\n                                    <div class=\"text-uppercase font-size-1 mb-1 text-truncate text-center\">\n                                        <a\n                                            href=\"https:\/\/www.riebu.fr\/books\/9782346127481\/La-V%C3%A9rit%C3%A9---Chronique-du-24-avril-au-19-mai-1848\">EPUB<\/a>\n                                    <\/div>\n                                    <h2\n                                        class=\"product__title product__title h6 text-lh-md mb-1 text-height-2 crop-text-2 h-dark\">\n                                        <a\n                                            href=\"https:\/\/www.riebu.fr\/books\/9782346127481\/La-V%C3%A9rit%C3%A9---Chronique-du-24-avril-au-19-mai-1848\">\n                                            La V\u00e9rit\u00e9 - Chronique du 24 avril au 19 mai 1848\n                                        <\/a>\n                                    <\/h2>\n                                                                                                                <div class=\"font-size-2  mb-1 text-truncate\">\n                                            <a href=\"https:\/\/www.riebu.fr\/authors\/33647\" class=\"text-gray-700\">\n                                                Jean Louis Auger\n                                            <\/a>\n                                        <\/div>\n                                                                        \n                                    <div class=\"price d-flex align-items-center font-weight-medium font-size-3\">\n                                        <span class=\"woocommerce-Price-amount amount\">\n                                                                                            3,49EUR\n                                                                                    <\/span>\n                                    <\/div>\n                                                                        <div class=\"product__rating d-flex align-items-center font-size-2\">\n                                        <div class=\"text-yellow-darker mr-2\" title=\"0.0\">\n                                                                                                                                                                                    <small class=\"far fa-star\"><\/small>\n                                                                                            <small class=\"far fa-star\"><\/small>\n                                                                                            <small class=\"far fa-star\"><\/small>\n                                                                                            <small class=\"far fa-star\"><\/small>\n                                                                                            <small class=\"far fa-star\"><\/small>\n                                                                                    <\/div>\n                                        <div>(0)<\/div>\n                                    <\/div>\n                                <\/div>\n                                <div class=\"product__hover d-flex align-items-center\">\n                                                                                                                        <a href=\"javascript:\" data-target=\"51073\"\n                                                class=\"text-uppercase text-dark h-dark font-weight-medium mr-auto add-to-cart\"\n                                                title=\"Ajouter au panier\">\n                                                <span class=\"product__add-to-cart\">Ajouter au panier<\/span>\n                                                <span class=\"product__add-to-cart-icon font-size-4\">\n                                                    <i class=\"flaticon-icon-126515\"><\/i>\n                                                <\/span>\n                                            <\/a>\n                                                                                                                                                    \n                                <\/div>\n                            <\/div>\n                        <\/div>\n                    <\/li>\n                                                        <li class=\"product col\">\n                        <div class=\"product__inner overflow-hidden p-3 p-md-4d875\">\n                            <div\n                                class=\"product__link position-relative\">\n                                <div class=\"product__thumbnail\">\n                                    <a href=\"https:\/\/www.riebu.fr\/books\/9782346127474\/Les-Cent-fables\"\n                                        class=\"d-block\">\n                                        <img src=\"\/storage\/books\/covers\/9782346127474.jpg\"\n                                            class=\"img-fluid d-block mx-auto attachment-shop_catalog size-shop_catalog wp-post-image img-fluid\"\n                                            alt=\"image-description\"><\/a>\n                                <\/div>\n                                <div class=\"product__body product__body pt-3 bg-white\">\n                                    <div class=\"text-uppercase font-size-1 mb-1 text-truncate text-center\">\n                                        <a\n                                            href=\"https:\/\/www.riebu.fr\/books\/9782346127474\/Les-Cent-fables\">EPUB<\/a>\n                                    <\/div>\n                                    <h2\n                                        class=\"product__title product__title h6 text-lh-md mb-1 text-height-2 crop-text-2 h-dark\">\n                                        <a\n                                            href=\"https:\/\/www.riebu.fr\/books\/9782346127474\/Les-Cent-fables\">\n                                            Les Cent fables\n                                        <\/a>\n                                    <\/h2>\n                                                                                                                <div class=\"font-size-2  mb-1 text-truncate\">\n                                            <a href=\"https:\/\/www.riebu.fr\/authors\/33772\" class=\"text-gray-700\">\n                                                J.-M.-A.-C. du Bois-Halbran\n                                            <\/a>\n                                        <\/div>\n                                                                        \n                                    <div class=\"price d-flex align-items-center font-weight-medium font-size-3\">\n                                        <span class=\"woocommerce-Price-amount amount\">\n                                                                                            3,49EUR\n                                                                                    <\/span>\n                                    <\/div>\n                                                                        <div class=\"product__rating d-flex align-items-center font-size-2\">\n                                        <div class=\"text-yellow-darker mr-2\" title=\"0.0\">\n                                                                                                                                                                                    <small class=\"far fa-star\"><\/small>\n                                                                                            <small class=\"far fa-star\"><\/small>\n                                                                                            <small class=\"far fa-star\"><\/small>\n                                                                                            <small class=\"far fa-star\"><\/small>\n                                                                                            <small class=\"far fa-star\"><\/small>\n                                                                                    <\/div>\n                                        <div>(0)<\/div>\n                                    <\/div>\n                                <\/div>\n                                <div class=\"product__hover d-flex align-items-center\">\n                                                                                                                        <a href=\"javascript:\" data-target=\"51074\"\n                                                class=\"text-uppercase text-dark h-dark font-weight-medium mr-auto add-to-cart\"\n                                                title=\"Ajouter au panier\">\n                                                <span class=\"product__add-to-cart\">Ajouter au panier<\/span>\n                                                <span class=\"product__add-to-cart-icon font-size-4\">\n                                                    <i class=\"flaticon-icon-126515\"><\/i>\n                                                <\/span>\n                                            <\/a>\n                                                                                                                                                    \n                                <\/div>\n                            <\/div>\n                        <\/div>\n                    <\/li>\n                                                        <li class=\"product col\">\n                        <div class=\"product__inner overflow-hidden p-3 p-md-4d875\">\n                            <div\n                                class=\"product__link position-relative\">\n                                <div class=\"product__thumbnail\">\n                                    <a href=\"https:\/\/www.riebu.fr\/books\/9782346127467\/La-Vie-%C3%A0-vingt-ans\"\n                                        class=\"d-block\">\n                                        <img src=\"\/storage\/books\/covers\/9782346127467.jpg\"\n                                            class=\"img-fluid d-block mx-auto attachment-shop_catalog size-shop_catalog wp-post-image img-fluid\"\n                                            alt=\"image-description\"><\/a>\n                                <\/div>\n                                <div class=\"product__body product__body pt-3 bg-white\">\n                                    <div class=\"text-uppercase font-size-1 mb-1 text-truncate text-center\">\n                                        <a\n                                            href=\"https:\/\/www.riebu.fr\/books\/9782346127467\/La-Vie-%C3%A0-vingt-ans\">EPUB<\/a>\n                                    <\/div>\n                                    <h2\n                                        class=\"product__title product__title h6 text-lh-md mb-1 text-height-2 crop-text-2 h-dark\">\n                                        <a\n                                            href=\"https:\/\/www.riebu.fr\/books\/9782346127467\/La-Vie-%C3%A0-vingt-ans\">\n                                            La Vie \u00e0 vingt ans\n                                        <\/a>\n                                    <\/h2>\n                                                                                                                <div class=\"font-size-2  mb-1 text-truncate\">\n                                            <a href=\"https:\/\/www.riebu.fr\/authors\/2118\" class=\"text-gray-700\">\n                                                Alexandre Dumas\n                                            <\/a>\n                                        <\/div>\n                                                                        \n                                    <div class=\"price d-flex align-items-center font-weight-medium font-size-3\">\n                                        <span class=\"woocommerce-Price-amount amount\">\n                                                                                            3,49EUR\n                                                                                    <\/span>\n                                    <\/div>\n                                                                        <div class=\"product__rating d-flex align-items-center font-size-2\">\n                                        <div class=\"text-yellow-darker mr-2\" title=\"0.0\">\n                                                                                                                                                                                    <small class=\"far fa-star\"><\/small>\n                                                                                            <small class=\"far fa-star\"><\/small>\n                                                                                            <small class=\"far fa-star\"><\/small>\n                                                                                            <small class=\"far fa-star\"><\/small>\n                                                                                            <small class=\"far fa-star\"><\/small>\n                                                                                    <\/div>\n                                        <div>(0)<\/div>\n                                    <\/div>\n                                <\/div>\n                                <div class=\"product__hover d-flex align-items-center\">\n                                                                                                                        <a href=\"javascript:\" data-target=\"51075\"\n                                                class=\"text-uppercase text-dark h-dark font-weight-medium mr-auto add-to-cart\"\n                                                title=\"Ajouter au panier\">\n                                                <span class=\"product__add-to-cart\">Ajouter au panier<\/span>\n                                                <span class=\"product__add-to-cart-icon font-size-4\">\n                                                    <i class=\"flaticon-icon-126515\"><\/i>\n                                                <\/span>\n                                            <\/a>\n                                                                                                                                                    \n                                <\/div>\n                            <\/div>\n                        <\/div>\n                    <\/li>\n                                                        <li class=\"product col\">\n                        <div class=\"product__inner overflow-hidden p-3 p-md-4d875\">\n                            <div\n                                class=\"product__link position-relative\">\n                                <div class=\"product__thumbnail\">\n                                    <a href=\"https:\/\/www.riebu.fr\/books\/9782346127450\/Heures-perdues\"\n                                        class=\"d-block\">\n                                        <img src=\"\/storage\/books\/covers\/9782346127450.jpg\"\n                                            class=\"img-fluid d-block mx-auto attachment-shop_catalog size-shop_catalog wp-post-image img-fluid\"\n                                            alt=\"image-description\"><\/a>\n                                <\/div>\n                                <div class=\"product__body product__body pt-3 bg-white\">\n                                    <div class=\"text-uppercase font-size-1 mb-1 text-truncate text-center\">\n                                        <a\n                                            href=\"https:\/\/www.riebu.fr\/books\/9782346127450\/Heures-perdues\">EPUB<\/a>\n                                    <\/div>\n                                    <h2\n                                        class=\"product__title product__title h6 text-lh-md mb-1 text-height-2 crop-text-2 h-dark\">\n                                        <a\n                                            href=\"https:\/\/www.riebu.fr\/books\/9782346127450\/Heures-perdues\">\n                                            Heures perdues\n                                        <\/a>\n                                    <\/h2>\n                                                                                                                <div class=\"font-size-2  mb-1 text-truncate\">\n                                            <a href=\"https:\/\/www.riebu.fr\/authors\/33773\" class=\"text-gray-700\">\n                                                Ludovic Duperche\n                                            <\/a>\n                                        <\/div>\n                                                                        \n                                    <div class=\"price d-flex align-items-center font-weight-medium font-size-3\">\n                                        <span class=\"woocommerce-Price-amount amount\">\n                                                                                            3,49EUR\n                                                                                    <\/span>\n                                    <\/div>\n                                                                        <div class=\"product__rating d-flex align-items-center font-size-2\">\n                                        <div class=\"text-yellow-darker mr-2\" title=\"0.0\">\n                                                                                                                                                                                    <small class=\"far fa-star\"><\/small>\n                                                                                            <small class=\"far fa-star\"><\/small>\n                                                                                            <small class=\"far fa-star\"><\/small>\n                                                                                            <small class=\"far fa-star\"><\/small>\n                                                                                            <small class=\"far fa-star\"><\/small>\n                                                                                    <\/div>\n                                        <div>(0)<\/div>\n                                    <\/div>\n                                <\/div>\n                                <div class=\"product__hover d-flex align-items-center\">\n                                                                                                                        <a href=\"javascript:\" data-target=\"51076\"\n                                                class=\"text-uppercase text-dark h-dark font-weight-medium mr-auto add-to-cart\"\n                                                title=\"Ajouter au panier\">\n                                                <span class=\"product__add-to-cart\">Ajouter au panier<\/span>\n                                                <span class=\"product__add-to-cart-icon font-size-4\">\n                                                    <i class=\"flaticon-icon-126515\"><\/i>\n                                                <\/span>\n                                            <\/a>\n                                                                                                                                                    \n                                <\/div>\n                            <\/div>\n                        <\/div>\n                    <\/li>\n                                                        <li class=\"product col\">\n                        <div class=\"product__inner overflow-hidden p-3 p-md-4d875\">\n                            <div\n                                class=\"product__link position-relative\">\n                                <div class=\"product__thumbnail\">\n                                    <a href=\"https:\/\/www.riebu.fr\/books\/9782346127443\/Les-Contes-enfantins\"\n                                        class=\"d-block\">\n                                        <img src=\"\/storage\/books\/covers\/9782346127443.jpg\"\n                                            class=\"img-fluid d-block mx-auto attachment-shop_catalog size-shop_catalog wp-post-image img-fluid\"\n                                            alt=\"image-description\"><\/a>\n                                <\/div>\n                                <div class=\"product__body product__body pt-3 bg-white\">\n                                    <div class=\"text-uppercase font-size-1 mb-1 text-truncate text-center\">\n                                        <a\n                                            href=\"https:\/\/www.riebu.fr\/books\/9782346127443\/Les-Contes-enfantins\">EPUB<\/a>\n                                    <\/div>\n                                    <h2\n                                        class=\"product__title product__title h6 text-lh-md mb-1 text-height-2 crop-text-2 h-dark\">\n                                        <a\n                                            href=\"https:\/\/www.riebu.fr\/books\/9782346127443\/Les-Contes-enfantins\">\n                                            Les Contes enfantins\n                                        <\/a>\n                                    <\/h2>\n                                                                                                                <div class=\"font-size-2  mb-1 text-truncate\">\n                                            <a href=\"https:\/\/www.riebu.fr\/authors\/20519\" class=\"text-gray-700\">\n                                                \u00c9mile Richebourg\n                                            <\/a>\n                                        <\/div>\n                                                                        \n                                    <div class=\"price d-flex align-items-center font-weight-medium font-size-3\">\n                                        <span class=\"woocommerce-Price-amount amount\">\n                                                                                            3,49EUR\n                                                                                    <\/span>\n                                    <\/div>\n                                                                        <div class=\"product__rating d-flex align-items-center font-size-2\">\n                                        <div class=\"text-yellow-darker mr-2\" title=\"0.0\">\n                                                                                                                                                                                    <small class=\"far fa-star\"><\/small>\n                                                                                            <small class=\"far fa-star\"><\/small>\n                                                                                            <small class=\"far fa-star\"><\/small>\n                                                                                            <small class=\"far fa-star\"><\/small>\n                                                                                            <small class=\"far fa-star\"><\/small>\n                                                                                    <\/div>\n                                        <div>(0)<\/div>\n                                    <\/div>\n                                <\/div>\n                                <div class=\"product__hover d-flex align-items-center\">\n                                                                                                                        <a href=\"javascript:\" data-target=\"51077\"\n                                                class=\"text-uppercase text-dark h-dark font-weight-medium mr-auto add-to-cart\"\n                                                title=\"Ajouter au panier\">\n                                                <span class=\"product__add-to-cart\">Ajouter au panier<\/span>\n                                                <span class=\"product__add-to-cart-icon font-size-4\">\n                                                    <i class=\"flaticon-icon-126515\"><\/i>\n                                                <\/span>\n                                            <\/a>\n                                                                                                                                                    \n                                <\/div>\n                            <\/div>\n                        <\/div>\n                    <\/li>\n                                                        <li class=\"product col\">\n                        <div class=\"product__inner overflow-hidden p-3 p-md-4d875\">\n                            <div\n                                class=\"product__link position-relative\">\n                                <div class=\"product__thumbnail\">\n                                    <a href=\"https:\/\/www.riebu.fr\/books\/9782346127405\/La-Terreur-blanche---1815-et-1816\"\n                                        class=\"d-block\">\n                                        <img src=\"\/storage\/books\/covers\/9782346127405.jpg\"\n                                            class=\"img-fluid d-block mx-auto attachment-shop_catalog size-shop_catalog wp-post-image img-fluid\"\n                                            alt=\"image-description\"><\/a>\n                                <\/div>\n                                <div class=\"product__body product__body pt-3 bg-white\">\n                                    <div class=\"text-uppercase font-size-1 mb-1 text-truncate text-center\">\n                                        <a\n                                            href=\"https:\/\/www.riebu.fr\/books\/9782346127405\/La-Terreur-blanche---1815-et-1816\">EPUB<\/a>\n                                    <\/div>\n                                    <h2\n                                        class=\"product__title product__title h6 text-lh-md mb-1 text-height-2 crop-text-2 h-dark\">\n                                        <a\n                                            href=\"https:\/\/www.riebu.fr\/books\/9782346127405\/La-Terreur-blanche---1815-et-1816\">\n                                            La Terreur blanche - 1815 et 1816\n                                        <\/a>\n                                    <\/h2>\n                                                                                                                <div class=\"font-size-2  mb-1 text-truncate\">\n                                            <a href=\"https:\/\/www.riebu.fr\/authors\/33774\" class=\"text-gray-700\">\n                                                Albert Maurin\n                                            <\/a>\n                                        <\/div>\n                                                                        \n                                    <div class=\"price d-flex align-items-center font-weight-medium font-size-3\">\n                                        <span class=\"woocommerce-Price-amount amount\">\n                                                                                            3,49EUR\n                                                                                    <\/span>\n                                    <\/div>\n                                                                        <div class=\"product__rating d-flex align-items-center font-size-2\">\n                                        <div class=\"text-yellow-darker mr-2\" title=\"0.0\">\n                                                                                                                                                                                    <small class=\"far fa-star\"><\/small>\n                                                                                            <small class=\"far fa-star\"><\/small>\n                                                                                            <small class=\"far fa-star\"><\/small>\n                                                                                            <small class=\"far fa-star\"><\/small>\n                                                                                            <small class=\"far fa-star\"><\/small>\n                                                                                    <\/div>\n                                        <div>(0)<\/div>\n                                    <\/div>\n                                <\/div>\n                                <div class=\"product__hover d-flex align-items-center\">\n                                                                                                                        <a href=\"javascript:\" data-target=\"51078\"\n                                                class=\"text-uppercase text-dark h-dark font-weight-medium mr-auto add-to-cart\"\n                                                title=\"Ajouter au panier\">\n                                                <span class=\"product__add-to-cart\">Ajouter au panier<\/span>\n                                                <span class=\"product__add-to-cart-icon font-size-4\">\n                                                    <i class=\"flaticon-icon-126515\"><\/i>\n                                                <\/span>\n                                            <\/a>\n                                                                                                                                                    \n                                <\/div>\n                            <\/div>\n                        <\/div>\n                    <\/li>\n                                                        <li class=\"product col\">\n                        <div class=\"product__inner overflow-hidden p-3 p-md-4d875\">\n                            <div\n                                class=\"product__link position-relative\">\n                                <div class=\"product__thumbnail\">\n                                    <a href=\"https:\/\/www.riebu.fr\/books\/9782346127399\/Les-Derniers-Orateurs---1848-1852\"\n                                        class=\"d-block\">\n                                        <img src=\"\/storage\/books\/covers\/9782346127399.jpg\"\n                                            class=\"img-fluid d-block mx-auto attachment-shop_catalog size-shop_catalog wp-post-image img-fluid\"\n                                            alt=\"image-description\"><\/a>\n                                <\/div>\n                                <div class=\"product__body product__body pt-3 bg-white\">\n                                    <div class=\"text-uppercase font-size-1 mb-1 text-truncate text-center\">\n                                        <a\n                                            href=\"https:\/\/www.riebu.fr\/books\/9782346127399\/Les-Derniers-Orateurs---1848-1852\">EPUB<\/a>\n                                    <\/div>\n                                    <h2\n                                        class=\"product__title product__title h6 text-lh-md mb-1 text-height-2 crop-text-2 h-dark\">\n                                        <a\n                                            href=\"https:\/\/www.riebu.fr\/books\/9782346127399\/Les-Derniers-Orateurs---1848-1852\">\n                                            Les Derniers Orateurs - 1848-1852\n                                        <\/a>\n                                    <\/h2>\n                                                                                                                <div class=\"font-size-2  mb-1 text-truncate\">\n                                            <a href=\"https:\/\/www.riebu.fr\/authors\/682\" class=\"text-gray-700\">\n                                                Eug\u00e8ne Loudun\n                                            <\/a>\n                                        <\/div>\n                                                                        \n                                    <div class=\"price d-flex align-items-center font-weight-medium font-size-3\">\n                                        <span class=\"woocommerce-Price-amount amount\">\n                                                                                            3,49EUR\n                                                                                    <\/span>\n                                    <\/div>\n                                                                        <div class=\"product__rating d-flex align-items-center font-size-2\">\n                                        <div class=\"text-yellow-darker mr-2\" title=\"0.0\">\n                                                                                                                                                                                    <small class=\"far fa-star\"><\/small>\n                                                                                            <small class=\"far fa-star\"><\/small>\n                                                                                            <small class=\"far fa-star\"><\/small>\n                                                                                            <small class=\"far fa-star\"><\/small>\n                                                                                            <small class=\"far fa-star\"><\/small>\n                                                                                    <\/div>\n                                        <div>(0)<\/div>\n                                    <\/div>\n                                <\/div>\n                                <div class=\"product__hover d-flex align-items-center\">\n                                                                                                                        <a href=\"javascript:\" data-target=\"51079\"\n                                                class=\"text-uppercase text-dark h-dark font-weight-medium mr-auto add-to-cart\"\n                                                title=\"Ajouter au panier\">\n                                                <span class=\"product__add-to-cart\">Ajouter au panier<\/span>\n                                                <span class=\"product__add-to-cart-icon font-size-4\">\n                                                    <i class=\"flaticon-icon-126515\"><\/i>\n                                                <\/span>\n                                            <\/a>\n                                                                                                                                                    \n                                <\/div>\n                            <\/div>\n                        <\/div>\n                    <\/li>\n                                                        <li class=\"product col\">\n                        <div class=\"product__inner overflow-hidden p-3 p-md-4d875\">\n                            <div\n                                class=\"product__link position-relative\">\n                                <div class=\"product__thumbnail\">\n                                    <a href=\"https:\/\/www.riebu.fr\/books\/9782346127375\/Antonine---Les-mis%C3%A8res-du-prol%C3%A9tariat---Drame-en-trois-actes\"\n                                        class=\"d-block\">\n                                        <img src=\"\/storage\/books\/covers\/9782346127375.jpg\"\n                                            class=\"img-fluid d-block mx-auto attachment-shop_catalog size-shop_catalog wp-post-image img-fluid\"\n                                            alt=\"image-description\"><\/a>\n                                <\/div>\n                                <div class=\"product__body product__body pt-3 bg-white\">\n                                    <div class=\"text-uppercase font-size-1 mb-1 text-truncate text-center\">\n                                        <a\n                                            href=\"https:\/\/www.riebu.fr\/books\/9782346127375\/Antonine---Les-mis%C3%A8res-du-prol%C3%A9tariat---Drame-en-trois-actes\">EPUB<\/a>\n                                    <\/div>\n                                    <h2\n                                        class=\"product__title product__title h6 text-lh-md mb-1 text-height-2 crop-text-2 h-dark\">\n                                        <a\n                                            href=\"https:\/\/www.riebu.fr\/books\/9782346127375\/Antonine---Les-mis%C3%A8res-du-prol%C3%A9tariat---Drame-en-trois-actes\">\n                                            Antonine - Les mis\u00e8res du prol\u00e9tariat - Drame en trois actes\n                                        <\/a>\n                                    <\/h2>\n                                                                                                                <div class=\"font-size-2  mb-1 text-truncate\">\n                                            <a href=\"https:\/\/www.riebu.fr\/authors\/33775\" class=\"text-gray-700\">\n                                                V. Dargenti\u00e8res\n                                            <\/a>\n                                        <\/div>\n                                                                        \n                                    <div class=\"price d-flex align-items-center font-weight-medium font-size-3\">\n                                        <span class=\"woocommerce-Price-amount amount\">\n                                                                                            2,49EUR\n                                                                                    <\/span>\n                                    <\/div>\n                                                                        <div class=\"product__rating d-flex align-items-center font-size-2\">\n                                        <div class=\"text-yellow-darker mr-2\" title=\"0.0\">\n                                                                                                                                                                                    <small class=\"far fa-star\"><\/small>\n                                                                                            <small class=\"far fa-star\"><\/small>\n                                                                                            <small class=\"far fa-star\"><\/small>\n                                                                                            <small class=\"far fa-star\"><\/small>\n                                                                                            <small class=\"far fa-star\"><\/small>\n                                                                                    <\/div>\n                                        <div>(0)<\/div>\n                                    <\/div>\n                                <\/div>\n                                <div class=\"product__hover d-flex align-items-center\">\n                                                                                                                        <a href=\"javascript:\" data-target=\"51080\"\n                                                class=\"text-uppercase text-dark h-dark font-weight-medium mr-auto add-to-cart\"\n                                                title=\"Ajouter au panier\">\n                                                <span class=\"product__add-to-cart\">Ajouter au panier<\/span>\n                                                <span class=\"product__add-to-cart-icon font-size-4\">\n                                                    <i class=\"flaticon-icon-126515\"><\/i>\n                                                <\/span>\n                                            <\/a>\n                                                                                                                                                    \n                                <\/div>\n                            <\/div>\n                        <\/div>\n                    <\/li>\n                                                        <li class=\"product col\">\n                        <div class=\"product__inner overflow-hidden p-3 p-md-4d875\">\n                            <div\n                                class=\"product__link position-relative\">\n                                <div class=\"product__thumbnail\">\n                                    <a href=\"https:\/\/www.riebu.fr\/books\/9782346127368\/Le-P%C3%A2tre-du-vallon---%C3%89pisode-au-XIXe-si%C3%A8cle,-suivi-d%27essais-et-de-pi%C3%A8ces-%C3%A9l%C3%A9giaques\"\n                                        class=\"d-block\">\n                                        <img src=\"\/storage\/books\/covers\/9782346127368.jpg\"\n                                            class=\"img-fluid d-block mx-auto attachment-shop_catalog size-shop_catalog wp-post-image img-fluid\"\n                                            alt=\"image-description\"><\/a>\n                                <\/div>\n                                <div class=\"product__body product__body pt-3 bg-white\">\n                                    <div class=\"text-uppercase font-size-1 mb-1 text-truncate text-center\">\n                                        <a\n                                            href=\"https:\/\/www.riebu.fr\/books\/9782346127368\/Le-P%C3%A2tre-du-vallon---%C3%89pisode-au-XIXe-si%C3%A8cle,-suivi-d%27essais-et-de-pi%C3%A8ces-%C3%A9l%C3%A9giaques\">EPUB<\/a>\n                                    <\/div>\n                                    <h2\n                                        class=\"product__title product__title h6 text-lh-md mb-1 text-height-2 crop-text-2 h-dark\">\n                                        <a\n                                            href=\"https:\/\/www.riebu.fr\/books\/9782346127368\/Le-P%C3%A2tre-du-vallon---%C3%89pisode-au-XIXe-si%C3%A8cle,-suivi-d%27essais-et-de-pi%C3%A8ces-%C3%A9l%C3%A9giaques\">\n                                            Le P\u00e2tre du vallon - \u00c9pisode au XIXe si\u00e8cle, suivi d&#039;essais et de pi\u00e8ces \u00e9l\u00e9giaques\n                                        <\/a>\n                                    <\/h2>\n                                                                                                                <div class=\"font-size-2  mb-1 text-truncate\">\n                                            <a href=\"https:\/\/www.riebu.fr\/authors\/33776\" class=\"text-gray-700\">\n                                                Jules Dupuis\n                                            <\/a>\n                                        <\/div>\n                                                                        \n                                    <div class=\"price d-flex align-items-center font-weight-medium font-size-3\">\n                                        <span class=\"woocommerce-Price-amount amount\">\n                                                                                            3,49EUR\n                                                                                    <\/span>\n                                    <\/div>\n                                                                        <div class=\"product__rating d-flex align-items-center font-size-2\">\n                                        <div class=\"text-yellow-darker mr-2\" title=\"0.0\">\n                                                                                                                                                                                    <small class=\"far fa-star\"><\/small>\n                                                                                            <small class=\"far fa-star\"><\/small>\n                                                                                            <small class=\"far fa-star\"><\/small>\n                                                                                            <small class=\"far fa-star\"><\/small>\n                                                                                            <small class=\"far fa-star\"><\/small>\n                                                                                    <\/div>\n                                        <div>(0)<\/div>\n                                    <\/div>\n                                <\/div>\n                                <div class=\"product__hover d-flex align-items-center\">\n                                                                                                                        <a href=\"javascript:\" data-target=\"51081\"\n                                                class=\"text-uppercase text-dark h-dark font-weight-medium mr-auto add-to-cart\"\n                                                title=\"Ajouter au panier\">\n                                                <span class=\"product__add-to-cart\">Ajouter au panier<\/span>\n                                                <span class=\"product__add-to-cart-icon font-size-4\">\n                                                    <i class=\"flaticon-icon-126515\"><\/i>\n                                                <\/span>\n                                            <\/a>\n                                                                                                                                                    \n                                <\/div>\n                            <\/div>\n                        <\/div>\n                    <\/li>\n                            <\/ul>\n                <!-- End Mockup Block -->\n    <\/div>\n    \n    <div class=\"tab-pane fade\" id=\"list-container\" role=\"tabpanel\" aria-labelledby=\"list-view\">\n                    <!-- Mockup Block -->\n            <ul class=\"products list-unstyled mb-6\" id=\"books_list_container\">\n                                                        <li class=\"product product__list\">\n                        <div class=\"product__inner overflow-hidden p-3 p-md-4d875\">\n                            <div\n                                class=\"product__link row position-relative\">\n                                <div class=\"col-md-auto product__thumbnail mb-3 mb-md-0\">\n                                    <a href=\"https:\/\/www.riebu.fr\/books\/9782346127498\/L%C3%A9o%C3%AFsiades---Ou-Mon-journal-de-po%C3%A8te\"\n                                        class=\"d-block\">\n                                        <img src=\"\/storage\/books\/covers\/9782346127498.jpg\"\n                                            class=\"img-fluid d-block mx-auto attachment-shop_catalog size-shop_catalog wp-post-image img-fluid\"\n                                            alt=\"image-description\">\n                                    <\/a>\n                                <\/div>\n                                <div\n                                    class=\"col-md product__body product__body pt-3 bg-white mb-3 mb-md-0\">\n                                    <div class=\"text-uppercase font-size-1 mb-1 text-truncate\">\n                                        <a\n                                            href=\"https:\/\/www.riebu.fr\/books\/9782346127498\/L%C3%A9o%C3%AFsiades---Ou-Mon-journal-de-po%C3%A8te\">EPUB<\/a>\n                                    <\/div>\n                                    <h2\n                                        class=\"product__title h6 text-lh-md mb-1 crop-text-2 h-dark\">\n                                        <a href=\"https:\/\/www.riebu.fr\/books\/9782346127498\/L%C3%A9o%C3%AFsiades---Ou-Mon-journal-de-po%C3%A8te\"\n                                            tabindex=\"0\">\n                                            L\u00e9o\u00efsiades - Ou Mon journal de po\u00e8te\n                                        <\/a>\n                                    <\/h2>\n                                                                                                            \n                                        <div class=\"font-size-2  mb-2 text-truncate\">\n                                            <a href=\"https:\/\/www.riebu.fr\/authors\/33761\" class=\"text-gray-700\">\n                                                L\u00e9opold-L\u00e9o\u00efs Dupuy-P\u00e9you\n                                            <\/a>\n                                        <\/div>\n                                                                        <p class=\"font-size-2 mb-2 crop-text-2\">\n                                        (M\u00c9DITATION).Sous le poids \u00e9crasant d\u2019une sombre pens\u00e9e, Mon \u00e2me, lasse enfin, de douleur oppress\u00e9e, Recherchait vainement une tr\u00eave \u00e0 ses maux. Rien ne pouvait, h\u00e9las ! lui donner du repos Ou lui rendre un instant et la paix et la vie. Morne, tri...\n                                    <\/p>\n                                    <div class=\"price d-flex align-items-center font-weight-medium font-size-3\">\n                                        <span class=\"woocommerce-Price-amount amount\">\n                                                                                            \n                                                3,49EUR\n                                                                                    <\/span>\n                                    <\/div>\n                                                                        <div class=\"product__rating d-flex align-items-center font-size-2\">\n                                        <div class=\"text-yellow-darker mr-2\">\n                                                                                                                                                                                    <small class=\"far fa-star\"><\/small>\n                                                                                            <small class=\"far fa-star\"><\/small>\n                                                                                            <small class=\"far fa-star\"><\/small>\n                                                                                            <small class=\"far fa-star\"><\/small>\n                                                                                            <small class=\"far fa-star\"><\/small>\n                                                                                    <\/div>\n                                        <div class=\"\">(0)<\/div>\n                                    <\/div>\n                                <\/div>\n                                <div class=\"col-md-auto d-flex align-items-center\">\n                                                                            <a href=\"javascript:\" data-target=\"51072\"\n                                            class=\"text-uppercase text-dark h-dark font-weight-medium mr-4 add-to-cart\"\n                                            data-toggle=\"tooltip\" data-placement=\"right\" title=\"\"\n                                            data-original-title=\"ADD TO CART\">\n                                            <span class=\"product__add-to-cart\">Ajouter au panier<\/span>\n                                            <span class=\"product__add-to-cart-icon font-size-4\">\n                                                <i class=\"flaticon-icon-126515\"><\/i>\n                                            <\/span>\n                                        <\/a>\n                                                                                                        <\/div>\n                            <\/div>\n                        <\/div>\n                    <\/li>\n                                                        <li class=\"product product__list\">\n                        <div class=\"product__inner overflow-hidden p-3 p-md-4d875\">\n                            <div\n                                class=\"product__link row position-relative\">\n                                <div class=\"col-md-auto product__thumbnail mb-3 mb-md-0\">\n                                    <a href=\"https:\/\/www.riebu.fr\/books\/9782346127481\/La-V%C3%A9rit%C3%A9---Chronique-du-24-avril-au-19-mai-1848\"\n                                        class=\"d-block\">\n                                        <img src=\"\/storage\/books\/covers\/9782346127481.jpg\"\n                                            class=\"img-fluid d-block mx-auto attachment-shop_catalog size-shop_catalog wp-post-image img-fluid\"\n                                            alt=\"image-description\">\n                                    <\/a>\n                                <\/div>\n                                <div\n                                    class=\"col-md product__body product__body pt-3 bg-white mb-3 mb-md-0\">\n                                    <div class=\"text-uppercase font-size-1 mb-1 text-truncate\">\n                                        <a\n                                            href=\"https:\/\/www.riebu.fr\/books\/9782346127481\/La-V%C3%A9rit%C3%A9---Chronique-du-24-avril-au-19-mai-1848\">EPUB<\/a>\n                                    <\/div>\n                                    <h2\n                                        class=\"product__title h6 text-lh-md mb-1 crop-text-2 h-dark\">\n                                        <a href=\"https:\/\/www.riebu.fr\/books\/9782346127481\/La-V%C3%A9rit%C3%A9---Chronique-du-24-avril-au-19-mai-1848\"\n                                            tabindex=\"0\">\n                                            La V\u00e9rit\u00e9 - Chronique du 24 avril au 19 mai 1848\n                                        <\/a>\n                                    <\/h2>\n                                                                                                            \n                                        <div class=\"font-size-2  mb-2 text-truncate\">\n                                            <a href=\"https:\/\/www.riebu.fr\/authors\/33647\" class=\"text-gray-700\">\n                                                Jean Louis Auger\n                                            <\/a>\n                                        <\/div>\n                                                                        <p class=\"font-size-2 mb-2 crop-text-2\">\n                                        2 Mai 1848.Il est enfin arriv\u00e9 ce jour si ardemment attendu, ce jour o\u00f9 chacun peut sans contrainte laisser un libre essor \u00e0 sa pens\u00e9e ; je te salue ch\u00e8re R\u00e9publique ! re\u00e7ois les v\u0153ux les plus sinc\u00e8res pour ta prosp\u00e9rit\u00e9 ; ton arriv\u00e9e comme une ro...\n                                    <\/p>\n                                    <div class=\"price d-flex align-items-center font-weight-medium font-size-3\">\n                                        <span class=\"woocommerce-Price-amount amount\">\n                                                                                            \n                                                3,49EUR\n                                                                                    <\/span>\n                                    <\/div>\n                                                                        <div class=\"product__rating d-flex align-items-center font-size-2\">\n                                        <div class=\"text-yellow-darker mr-2\">\n                                                                                                                                                                                    <small class=\"far fa-star\"><\/small>\n                                                                                            <small class=\"far fa-star\"><\/small>\n                                                                                            <small class=\"far fa-star\"><\/small>\n                                                                                            <small class=\"far fa-star\"><\/small>\n                                                                                            <small class=\"far fa-star\"><\/small>\n                                                                                    <\/div>\n                                        <div class=\"\">(0)<\/div>\n                                    <\/div>\n                                <\/div>\n                                <div class=\"col-md-auto d-flex align-items-center\">\n                                                                            <a href=\"javascript:\" data-target=\"51073\"\n                                            class=\"text-uppercase text-dark h-dark font-weight-medium mr-4 add-to-cart\"\n                                            data-toggle=\"tooltip\" data-placement=\"right\" title=\"\"\n                                            data-original-title=\"ADD TO CART\">\n                                            <span class=\"product__add-to-cart\">Ajouter au panier<\/span>\n                                            <span class=\"product__add-to-cart-icon font-size-4\">\n                                                <i class=\"flaticon-icon-126515\"><\/i>\n                                            <\/span>\n                                        <\/a>\n                                                                                                        <\/div>\n                            <\/div>\n                        <\/div>\n                    <\/li>\n                                                        <li class=\"product product__list\">\n                        <div class=\"product__inner overflow-hidden p-3 p-md-4d875\">\n                            <div\n                                class=\"product__link row position-relative\">\n                                <div class=\"col-md-auto product__thumbnail mb-3 mb-md-0\">\n                                    <a href=\"https:\/\/www.riebu.fr\/books\/9782346127474\/Les-Cent-fables\"\n                                        class=\"d-block\">\n                                        <img src=\"\/storage\/books\/covers\/9782346127474.jpg\"\n                                            class=\"img-fluid d-block mx-auto attachment-shop_catalog size-shop_catalog wp-post-image img-fluid\"\n                                            alt=\"image-description\">\n                                    <\/a>\n                                <\/div>\n                                <div\n                                    class=\"col-md product__body product__body pt-3 bg-white mb-3 mb-md-0\">\n                                    <div class=\"text-uppercase font-size-1 mb-1 text-truncate\">\n                                        <a\n                                            href=\"https:\/\/www.riebu.fr\/books\/9782346127474\/Les-Cent-fables\">EPUB<\/a>\n                                    <\/div>\n                                    <h2\n                                        class=\"product__title h6 text-lh-md mb-1 crop-text-2 h-dark\">\n                                        <a href=\"https:\/\/www.riebu.fr\/books\/9782346127474\/Les-Cent-fables\"\n                                            tabindex=\"0\">\n                                            Les Cent fables\n                                        <\/a>\n                                    <\/h2>\n                                                                                                            \n                                        <div class=\"font-size-2  mb-2 text-truncate\">\n                                            <a href=\"https:\/\/www.riebu.fr\/authors\/33772\" class=\"text-gray-700\">\n                                                J.-M.-A.-C. du Bois-Halbran\n                                            <\/a>\n                                        <\/div>\n                                                                        <p class=\"font-size-2 mb-2 crop-text-2\">\n                                        LE fils d\u2019un brave laboureur, Avec une ardeur sans \u00e9gale,Du bon cur\u00e9 du lieu, du vertueux pasteur, Recevait chaque jour des le\u00e7ons de morale.De la vertu, sous de riantes fleurs, L\u2019aust\u00e9rit\u00e9 cach\u00e9e avec adresse,Loin d\u2019effaroucher sa jeunesse, Lui p...\n                                    <\/p>\n                                    <div class=\"price d-flex align-items-center font-weight-medium font-size-3\">\n                                        <span class=\"woocommerce-Price-amount amount\">\n                                                                                            \n                                                3,49EUR\n                                                                                    <\/span>\n                                    <\/div>\n                                                                        <div class=\"product__rating d-flex align-items-center font-size-2\">\n                                        <div class=\"text-yellow-darker mr-2\">\n                                                                                                                                                                                    <small class=\"far fa-star\"><\/small>\n                                                                                            <small class=\"far fa-star\"><\/small>\n                                                                                            <small class=\"far fa-star\"><\/small>\n                                                                                            <small class=\"far fa-star\"><\/small>\n                                                                                            <small class=\"far fa-star\"><\/small>\n                                                                                    <\/div>\n                                        <div class=\"\">(0)<\/div>\n                                    <\/div>\n                                <\/div>\n                                <div class=\"col-md-auto d-flex align-items-center\">\n                                                                            <a href=\"javascript:\" data-target=\"51074\"\n                                            class=\"text-uppercase text-dark h-dark font-weight-medium mr-4 add-to-cart\"\n                                            data-toggle=\"tooltip\" data-placement=\"right\" title=\"\"\n                                            data-original-title=\"ADD TO CART\">\n                                            <span class=\"product__add-to-cart\">Ajouter au panier<\/span>\n                                            <span class=\"product__add-to-cart-icon font-size-4\">\n                                                <i class=\"flaticon-icon-126515\"><\/i>\n                                            <\/span>\n                                        <\/a>\n                                                                                                        <\/div>\n                            <\/div>\n                        <\/div>\n                    <\/li>\n                                                        <li class=\"product product__list\">\n                        <div class=\"product__inner overflow-hidden p-3 p-md-4d875\">\n                            <div\n                                class=\"product__link row position-relative\">\n                                <div class=\"col-md-auto product__thumbnail mb-3 mb-md-0\">\n                                    <a href=\"https:\/\/www.riebu.fr\/books\/9782346127467\/La-Vie-%C3%A0-vingt-ans\"\n                                        class=\"d-block\">\n                                        <img src=\"\/storage\/books\/covers\/9782346127467.jpg\"\n                                            class=\"img-fluid d-block mx-auto attachment-shop_catalog size-shop_catalog wp-post-image img-fluid\"\n                                            alt=\"image-description\">\n                                    <\/a>\n                                <\/div>\n                                <div\n                                    class=\"col-md product__body product__body pt-3 bg-white mb-3 mb-md-0\">\n                                    <div class=\"text-uppercase font-size-1 mb-1 text-truncate\">\n                                        <a\n                                            href=\"https:\/\/www.riebu.fr\/books\/9782346127467\/La-Vie-%C3%A0-vingt-ans\">EPUB<\/a>\n                                    <\/div>\n                                    <h2\n                                        class=\"product__title h6 text-lh-md mb-1 crop-text-2 h-dark\">\n                                        <a href=\"https:\/\/www.riebu.fr\/books\/9782346127467\/La-Vie-%C3%A0-vingt-ans\"\n                                            tabindex=\"0\">\n                                            La Vie \u00e0 vingt ans\n                                        <\/a>\n                                    <\/h2>\n                                                                                                            \n                                        <div class=\"font-size-2  mb-2 text-truncate\">\n                                            <a href=\"https:\/\/www.riebu.fr\/authors\/2118\" class=\"text-gray-700\">\n                                                Alexandre Dumas\n                                            <\/a>\n                                        <\/div>\n                                                                        <p class=\"font-size-2 mb-2 crop-text-2\">\n                                        Un soir pluvieux du mois de f\u00e9vrier 1846, je pris une grande r\u00e9solution. Je d\u00e9cidai que j\u2019irais au bal de l\u2019Op\u00e9ra.En cons\u00e9quence de cette r\u00e9solution subite et bizarre, je rentrai chez moi \u00e0 minuit, et je m\u2019habillai. Comme Murat, je me faisais beau...\n                                    <\/p>\n                                    <div class=\"price d-flex align-items-center font-weight-medium font-size-3\">\n                                        <span class=\"woocommerce-Price-amount amount\">\n                                                                                            \n                                                3,49EUR\n                                                                                    <\/span>\n                                    <\/div>\n                                                                        <div class=\"product__rating d-flex align-items-center font-size-2\">\n                                        <div class=\"text-yellow-darker mr-2\">\n                                                                                                                                                                                    <small class=\"far fa-star\"><\/small>\n                                                                                            <small class=\"far fa-star\"><\/small>\n                                                                                            <small class=\"far fa-star\"><\/small>\n                                                                                            <small class=\"far fa-star\"><\/small>\n                                                                                            <small class=\"far fa-star\"><\/small>\n                                                                                    <\/div>\n                                        <div class=\"\">(0)<\/div>\n                                    <\/div>\n                                <\/div>\n                                <div class=\"col-md-auto d-flex align-items-center\">\n                                                                            <a href=\"javascript:\" data-target=\"51075\"\n                                            class=\"text-uppercase text-dark h-dark font-weight-medium mr-4 add-to-cart\"\n                                            data-toggle=\"tooltip\" data-placement=\"right\" title=\"\"\n                                            data-original-title=\"ADD TO CART\">\n                                            <span class=\"product__add-to-cart\">Ajouter au panier<\/span>\n                                            <span class=\"product__add-to-cart-icon font-size-4\">\n                                                <i class=\"flaticon-icon-126515\"><\/i>\n                                            <\/span>\n                                        <\/a>\n                                                                                                        <\/div>\n                            <\/div>\n                        <\/div>\n                    <\/li>\n                                                        <li class=\"product product__list\">\n                        <div class=\"product__inner overflow-hidden p-3 p-md-4d875\">\n                            <div\n                                class=\"product__link row position-relative\">\n                                <div class=\"col-md-auto product__thumbnail mb-3 mb-md-0\">\n                                    <a href=\"https:\/\/www.riebu.fr\/books\/9782346127450\/Heures-perdues\"\n                                        class=\"d-block\">\n                                        <img src=\"\/storage\/books\/covers\/9782346127450.jpg\"\n                                            class=\"img-fluid d-block mx-auto attachment-shop_catalog size-shop_catalog wp-post-image img-fluid\"\n                                            alt=\"image-description\">\n                                    <\/a>\n                                <\/div>\n                                <div\n                                    class=\"col-md product__body product__body pt-3 bg-white mb-3 mb-md-0\">\n                                    <div class=\"text-uppercase font-size-1 mb-1 text-truncate\">\n                                        <a\n                                            href=\"https:\/\/www.riebu.fr\/books\/9782346127450\/Heures-perdues\">EPUB<\/a>\n                                    <\/div>\n                                    <h2\n                                        class=\"product__title h6 text-lh-md mb-1 crop-text-2 h-dark\">\n                                        <a href=\"https:\/\/www.riebu.fr\/books\/9782346127450\/Heures-perdues\"\n                                            tabindex=\"0\">\n                                            Heures perdues\n                                        <\/a>\n                                    <\/h2>\n                                                                                                            \n                                        <div class=\"font-size-2  mb-2 text-truncate\">\n                                            <a href=\"https:\/\/www.riebu.fr\/authors\/33773\" class=\"text-gray-700\">\n                                                Ludovic Duperche\n                                            <\/a>\n                                        <\/div>\n                                                                        <p class=\"font-size-2 mb-2 crop-text-2\">\n                                        \u00ab Enfants ! les feux follets sont les \u00e2mes des morts, De ceux qui, poursuivis l\u00e0-bas par les remords, Souffrent en purgatoire, et reviennent sur terre Pour r\u00e9clamer de nous souvenir et pri\u00e8re. A genoux donc, enfants ! Prions ! prions pour eux ! Pu...\n                                    <\/p>\n                                    <div class=\"price d-flex align-items-center font-weight-medium font-size-3\">\n                                        <span class=\"woocommerce-Price-amount amount\">\n                                                                                            \n                                                3,49EUR\n                                                                                    <\/span>\n                                    <\/div>\n                                                                        <div class=\"product__rating d-flex align-items-center font-size-2\">\n                                        <div class=\"text-yellow-darker mr-2\">\n                                                                                                                                                                                    <small class=\"far fa-star\"><\/small>\n                                                                                            <small class=\"far fa-star\"><\/small>\n                                                                                            <small class=\"far fa-star\"><\/small>\n                                                                                            <small class=\"far fa-star\"><\/small>\n                                                                                            <small class=\"far fa-star\"><\/small>\n                                                                                    <\/div>\n                                        <div class=\"\">(0)<\/div>\n                                    <\/div>\n                                <\/div>\n                                <div class=\"col-md-auto d-flex align-items-center\">\n                                                                            <a href=\"javascript:\" data-target=\"51076\"\n                                            class=\"text-uppercase text-dark h-dark font-weight-medium mr-4 add-to-cart\"\n                                            data-toggle=\"tooltip\" data-placement=\"right\" title=\"\"\n                                            data-original-title=\"ADD TO CART\">\n                                            <span class=\"product__add-to-cart\">Ajouter au panier<\/span>\n                                            <span class=\"product__add-to-cart-icon font-size-4\">\n                                                <i class=\"flaticon-icon-126515\"><\/i>\n                                            <\/span>\n                                        <\/a>\n                                                                                                        <\/div>\n                            <\/div>\n                        <\/div>\n                    <\/li>\n                                                        <li class=\"product product__list\">\n                        <div class=\"product__inner overflow-hidden p-3 p-md-4d875\">\n                            <div\n                                class=\"product__link row position-relative\">\n                                <div class=\"col-md-auto product__thumbnail mb-3 mb-md-0\">\n                                    <a href=\"https:\/\/www.riebu.fr\/books\/9782346127443\/Les-Contes-enfantins\"\n                                        class=\"d-block\">\n                                        <img src=\"\/storage\/books\/covers\/9782346127443.jpg\"\n                                            class=\"img-fluid d-block mx-auto attachment-shop_catalog size-shop_catalog wp-post-image img-fluid\"\n                                            alt=\"image-description\">\n                                    <\/a>\n                                <\/div>\n                                <div\n                                    class=\"col-md product__body product__body pt-3 bg-white mb-3 mb-md-0\">\n                                    <div class=\"text-uppercase font-size-1 mb-1 text-truncate\">\n                                        <a\n                                            href=\"https:\/\/www.riebu.fr\/books\/9782346127443\/Les-Contes-enfantins\">EPUB<\/a>\n                                    <\/div>\n                                    <h2\n                                        class=\"product__title h6 text-lh-md mb-1 crop-text-2 h-dark\">\n                                        <a href=\"https:\/\/www.riebu.fr\/books\/9782346127443\/Les-Contes-enfantins\"\n                                            tabindex=\"0\">\n                                            Les Contes enfantins\n                                        <\/a>\n                                    <\/h2>\n                                                                                                            \n                                        <div class=\"font-size-2  mb-2 text-truncate\">\n                                            <a href=\"https:\/\/www.riebu.fr\/authors\/20519\" class=\"text-gray-700\">\n                                                \u00c9mile Richebourg\n                                            <\/a>\n                                        <\/div>\n                                                                        <p class=\"font-size-2 mb-2 crop-text-2\">\n                                        Vers l\u2019an 1636, naquit \u00e0 Florence, ville d\u2019Italie, d\u2019un pauvre meunier, un enfant dont l\u2019existence devait appartenir au monde.Au moment de sa naissance, on vit le ciel s\u2019entr\u2019ouvrir et livrer passage \u00e0 un g\u00e9nie port\u00e9 par un beau nuage d\u2019or. Il des...\n                                    <\/p>\n                                    <div class=\"price d-flex align-items-center font-weight-medium font-size-3\">\n                                        <span class=\"woocommerce-Price-amount amount\">\n                                                                                            \n                                                3,49EUR\n                                                                                    <\/span>\n                                    <\/div>\n                                                                        <div class=\"product__rating d-flex align-items-center font-size-2\">\n                                        <div class=\"text-yellow-darker mr-2\">\n                                                                                                                                                                                    <small class=\"far fa-star\"><\/small>\n                                                                                            <small class=\"far fa-star\"><\/small>\n                                                                                            <small class=\"far fa-star\"><\/small>\n                                                                                            <small class=\"far fa-star\"><\/small>\n                                                                                            <small class=\"far fa-star\"><\/small>\n                                                                                    <\/div>\n                                        <div class=\"\">(0)<\/div>\n                                    <\/div>\n                                <\/div>\n                                <div class=\"col-md-auto d-flex align-items-center\">\n                                                                            <a href=\"javascript:\" data-target=\"51077\"\n                                            class=\"text-uppercase text-dark h-dark font-weight-medium mr-4 add-to-cart\"\n                                            data-toggle=\"tooltip\" data-placement=\"right\" title=\"\"\n                                            data-original-title=\"ADD TO CART\">\n                                            <span class=\"product__add-to-cart\">Ajouter au panier<\/span>\n                                            <span class=\"product__add-to-cart-icon font-size-4\">\n                                                <i class=\"flaticon-icon-126515\"><\/i>\n                                            <\/span>\n                                        <\/a>\n                                                                                                        <\/div>\n                            <\/div>\n                        <\/div>\n                    <\/li>\n                                                        <li class=\"product product__list\">\n                        <div class=\"product__inner overflow-hidden p-3 p-md-4d875\">\n                            <div\n                                class=\"product__link row position-relative\">\n                                <div class=\"col-md-auto product__thumbnail mb-3 mb-md-0\">\n                                    <a href=\"https:\/\/www.riebu.fr\/books\/9782346127405\/La-Terreur-blanche---1815-et-1816\"\n                                        class=\"d-block\">\n                                        <img src=\"\/storage\/books\/covers\/9782346127405.jpg\"\n                                            class=\"img-fluid d-block mx-auto attachment-shop_catalog size-shop_catalog wp-post-image img-fluid\"\n                                            alt=\"image-description\">\n                                    <\/a>\n                                <\/div>\n                                <div\n                                    class=\"col-md product__body product__body pt-3 bg-white mb-3 mb-md-0\">\n                                    <div class=\"text-uppercase font-size-1 mb-1 text-truncate\">\n                                        <a\n                                            href=\"https:\/\/www.riebu.fr\/books\/9782346127405\/La-Terreur-blanche---1815-et-1816\">EPUB<\/a>\n                                    <\/div>\n                                    <h2\n                                        class=\"product__title h6 text-lh-md mb-1 crop-text-2 h-dark\">\n                                        <a href=\"https:\/\/www.riebu.fr\/books\/9782346127405\/La-Terreur-blanche---1815-et-1816\"\n                                            tabindex=\"0\">\n                                            La Terreur blanche - 1815 et 1816\n                                        <\/a>\n                                    <\/h2>\n                                                                                                            \n                                        <div class=\"font-size-2  mb-2 text-truncate\">\n                                            <a href=\"https:\/\/www.riebu.fr\/authors\/33774\" class=\"text-gray-700\">\n                                                Albert Maurin\n                                            <\/a>\n                                        <\/div>\n                                                                        <p class=\"font-size-2 mb-2 crop-text-2\">\n                                        Quelques actes minist\u00e9riels furent le pr\u00e9lude des prochaines vengeances du pouvoir. M. Pasquier, charg\u00e9 par int\u00e9rim de deux portefeuilles, s\u2019\u00e9tait adjoint comme secr\u00e9taires g\u00e9n\u00e9raux, M. Guizot \u00e0 la Justice et M. de Barante \u00e0 l\u2019Int\u00e9rieur. La multip...\n                                    <\/p>\n                                    <div class=\"price d-flex align-items-center font-weight-medium font-size-3\">\n                                        <span class=\"woocommerce-Price-amount amount\">\n                                                                                            \n                                                3,49EUR\n                                                                                    <\/span>\n                                    <\/div>\n                                                                        <div class=\"product__rating d-flex align-items-center font-size-2\">\n                                        <div class=\"text-yellow-darker mr-2\">\n                                                                                                                                                                                    <small class=\"far fa-star\"><\/small>\n                                                                                            <small class=\"far fa-star\"><\/small>\n                                                                                            <small class=\"far fa-star\"><\/small>\n                                                                                            <small class=\"far fa-star\"><\/small>\n                                                                                            <small class=\"far fa-star\"><\/small>\n                                                                                    <\/div>\n                                        <div class=\"\">(0)<\/div>\n                                    <\/div>\n                                <\/div>\n                                <div class=\"col-md-auto d-flex align-items-center\">\n                                                                            <a href=\"javascript:\" data-target=\"51078\"\n                                            class=\"text-uppercase text-dark h-dark font-weight-medium mr-4 add-to-cart\"\n                                            data-toggle=\"tooltip\" data-placement=\"right\" title=\"\"\n                                            data-original-title=\"ADD TO CART\">\n                                            <span class=\"product__add-to-cart\">Ajouter au panier<\/span>\n                                            <span class=\"product__add-to-cart-icon font-size-4\">\n                                                <i class=\"flaticon-icon-126515\"><\/i>\n                                            <\/span>\n                                        <\/a>\n                                                                                                        <\/div>\n                            <\/div>\n                        <\/div>\n                    <\/li>\n                                                        <li class=\"product product__list\">\n                        <div class=\"product__inner overflow-hidden p-3 p-md-4d875\">\n                            <div\n                                class=\"product__link row position-relative\">\n                                <div class=\"col-md-auto product__thumbnail mb-3 mb-md-0\">\n                                    <a href=\"https:\/\/www.riebu.fr\/books\/9782346127399\/Les-Derniers-Orateurs---1848-1852\"\n                                        class=\"d-block\">\n                                        <img src=\"\/storage\/books\/covers\/9782346127399.jpg\"\n                                            class=\"img-fluid d-block mx-auto attachment-shop_catalog size-shop_catalog wp-post-image img-fluid\"\n                                            alt=\"image-description\">\n                                    <\/a>\n                                <\/div>\n                                <div\n                                    class=\"col-md product__body product__body pt-3 bg-white mb-3 mb-md-0\">\n                                    <div class=\"text-uppercase font-size-1 mb-1 text-truncate\">\n                                        <a\n                                            href=\"https:\/\/www.riebu.fr\/books\/9782346127399\/Les-Derniers-Orateurs---1848-1852\">EPUB<\/a>\n                                    <\/div>\n                                    <h2\n                                        class=\"product__title h6 text-lh-md mb-1 crop-text-2 h-dark\">\n                                        <a href=\"https:\/\/www.riebu.fr\/books\/9782346127399\/Les-Derniers-Orateurs---1848-1852\"\n                                            tabindex=\"0\">\n                                            Les Derniers Orateurs - 1848-1852\n                                        <\/a>\n                                    <\/h2>\n                                                                                                            \n                                        <div class=\"font-size-2  mb-2 text-truncate\">\n                                            <a href=\"https:\/\/www.riebu.fr\/authors\/682\" class=\"text-gray-700\">\n                                                Eug\u00e8ne Loudun\n                                            <\/a>\n                                        <\/div>\n                                                                        <p class=\"font-size-2 mb-2 crop-text-2\">\n                                        Une grande question se discute dans l\u2019Assembl\u00e9e : \u00e0 l\u2019extr\u00e9mit\u00e9 d\u2019un banc est assis un homme pensif, pr\u00e9occup\u00e9, et comme isol\u00e9 des id\u00e9es du moment. Sa figure est s\u00e9v\u00e8re ; un sourire d\u2019indiff\u00e9rence plisse \u00e0 peine ses traits : son front chauve, bomb...\n                                    <\/p>\n                                    <div class=\"price d-flex align-items-center font-weight-medium font-size-3\">\n                                        <span class=\"woocommerce-Price-amount amount\">\n                                                                                            \n                                                3,49EUR\n                                                                                    <\/span>\n                                    <\/div>\n                                                                        <div class=\"product__rating d-flex align-items-center font-size-2\">\n                                        <div class=\"text-yellow-darker mr-2\">\n                                                                                                                                                                                    <small class=\"far fa-star\"><\/small>\n                                                                                            <small class=\"far fa-star\"><\/small>\n                                                                                            <small class=\"far fa-star\"><\/small>\n                                                                                            <small class=\"far fa-star\"><\/small>\n                                                                                            <small class=\"far fa-star\"><\/small>\n                                                                                    <\/div>\n                                        <div class=\"\">(0)<\/div>\n                                    <\/div>\n                                <\/div>\n                                <div class=\"col-md-auto d-flex align-items-center\">\n                                                                            <a href=\"javascript:\" data-target=\"51079\"\n                                            class=\"text-uppercase text-dark h-dark font-weight-medium mr-4 add-to-cart\"\n                                            data-toggle=\"tooltip\" data-placement=\"right\" title=\"\"\n                                            data-original-title=\"ADD TO CART\">\n                                            <span class=\"product__add-to-cart\">Ajouter au panier<\/span>\n                                            <span class=\"product__add-to-cart-icon font-size-4\">\n                                                <i class=\"flaticon-icon-126515\"><\/i>\n                                            <\/span>\n                                        <\/a>\n                                                                                                        <\/div>\n                            <\/div>\n                        <\/div>\n                    <\/li>\n                                                        <li class=\"product product__list\">\n                        <div class=\"product__inner overflow-hidden p-3 p-md-4d875\">\n                            <div\n                                class=\"product__link row position-relative\">\n                                <div class=\"col-md-auto product__thumbnail mb-3 mb-md-0\">\n                                    <a href=\"https:\/\/www.riebu.fr\/books\/9782346127375\/Antonine---Les-mis%C3%A8res-du-prol%C3%A9tariat---Drame-en-trois-actes\"\n                                        class=\"d-block\">\n                                        <img src=\"\/storage\/books\/covers\/9782346127375.jpg\"\n                                            class=\"img-fluid d-block mx-auto attachment-shop_catalog size-shop_catalog wp-post-image img-fluid\"\n                                            alt=\"image-description\">\n                                    <\/a>\n                                <\/div>\n                                <div\n                                    class=\"col-md product__body product__body pt-3 bg-white mb-3 mb-md-0\">\n                                    <div class=\"text-uppercase font-size-1 mb-1 text-truncate\">\n                                        <a\n                                            href=\"https:\/\/www.riebu.fr\/books\/9782346127375\/Antonine---Les-mis%C3%A8res-du-prol%C3%A9tariat---Drame-en-trois-actes\">EPUB<\/a>\n                                    <\/div>\n                                    <h2\n                                        class=\"product__title h6 text-lh-md mb-1 crop-text-2 h-dark\">\n                                        <a href=\"https:\/\/www.riebu.fr\/books\/9782346127375\/Antonine---Les-mis%C3%A8res-du-prol%C3%A9tariat---Drame-en-trois-actes\"\n                                            tabindex=\"0\">\n                                            Antonine - Les mis\u00e8res du prol\u00e9tariat - Drame en trois actes\n                                        <\/a>\n                                    <\/h2>\n                                                                                                            \n                                        <div class=\"font-size-2  mb-2 text-truncate\">\n                                            <a href=\"https:\/\/www.riebu.fr\/authors\/33775\" class=\"text-gray-700\">\n                                                V. Dargenti\u00e8res\n                                            <\/a>\n                                        <\/div>\n                                                                        <p class=\"font-size-2 mb-2 crop-text-2\">\n                                        La sc\u00e8ne est \u00e0 Paris. On voit une chambre de tr\u00e8s-modeste apparence, une fen\u00eatre \u00e0 gauche (du spectateur), deux portes au fond : celle de gauche communique avec le reste du logis, celle de droite est de sortie. Pour ameublement : une commode, une ...\n                                    <\/p>\n                                    <div class=\"price d-flex align-items-center font-weight-medium font-size-3\">\n                                        <span class=\"woocommerce-Price-amount amount\">\n                                                                                            \n                                                2,49EUR\n                                                                                    <\/span>\n                                    <\/div>\n                                                                        <div class=\"product__rating d-flex align-items-center font-size-2\">\n                                        <div class=\"text-yellow-darker mr-2\">\n                                                                                                                                                                                    <small class=\"far fa-star\"><\/small>\n                                                                                            <small class=\"far fa-star\"><\/small>\n                                                                                            <small class=\"far fa-star\"><\/small>\n                                                                                            <small class=\"far fa-star\"><\/small>\n                                                                                            <small class=\"far fa-star\"><\/small>\n                                                                                    <\/div>\n                                        <div class=\"\">(0)<\/div>\n                                    <\/div>\n                                <\/div>\n                                <div class=\"col-md-auto d-flex align-items-center\">\n                                                                            <a href=\"javascript:\" data-target=\"51080\"\n                                            class=\"text-uppercase text-dark h-dark font-weight-medium mr-4 add-to-cart\"\n                                            data-toggle=\"tooltip\" data-placement=\"right\" title=\"\"\n                                            data-original-title=\"ADD TO CART\">\n                                            <span class=\"product__add-to-cart\">Ajouter au panier<\/span>\n                                            <span class=\"product__add-to-cart-icon font-size-4\">\n                                                <i class=\"flaticon-icon-126515\"><\/i>\n                                            <\/span>\n                                        <\/a>\n                                                                                                        <\/div>\n                            <\/div>\n                        <\/div>\n                    <\/li>\n                                                        <li class=\"product product__list\">\n                        <div class=\"product__inner overflow-hidden p-3 p-md-4d875\">\n                            <div\n                                class=\"product__link row position-relative\">\n                                <div class=\"col-md-auto product__thumbnail mb-3 mb-md-0\">\n                                    <a href=\"https:\/\/www.riebu.fr\/books\/9782346127368\/Le-P%C3%A2tre-du-vallon---%C3%89pisode-au-XIXe-si%C3%A8cle,-suivi-d%27essais-et-de-pi%C3%A8ces-%C3%A9l%C3%A9giaques\"\n                                        class=\"d-block\">\n                                        <img src=\"\/storage\/books\/covers\/9782346127368.jpg\"\n                                            class=\"img-fluid d-block mx-auto attachment-shop_catalog size-shop_catalog wp-post-image img-fluid\"\n                                            alt=\"image-description\">\n                                    <\/a>\n                                <\/div>\n                                <div\n                                    class=\"col-md product__body product__body pt-3 bg-white mb-3 mb-md-0\">\n                                    <div class=\"text-uppercase font-size-1 mb-1 text-truncate\">\n                                        <a\n                                            href=\"https:\/\/www.riebu.fr\/books\/9782346127368\/Le-P%C3%A2tre-du-vallon---%C3%89pisode-au-XIXe-si%C3%A8cle,-suivi-d%27essais-et-de-pi%C3%A8ces-%C3%A9l%C3%A9giaques\">EPUB<\/a>\n                                    <\/div>\n                                    <h2\n                                        class=\"product__title h6 text-lh-md mb-1 crop-text-2 h-dark\">\n                                        <a href=\"https:\/\/www.riebu.fr\/books\/9782346127368\/Le-P%C3%A2tre-du-vallon---%C3%89pisode-au-XIXe-si%C3%A8cle,-suivi-d%27essais-et-de-pi%C3%A8ces-%C3%A9l%C3%A9giaques\"\n                                            tabindex=\"0\">\n                                            Le P\u00e2tre du vallon - \u00c9pisode au XIXe si\u00e8cle, suivi d&#039;essais et de pi\u00e8ces \u00e9l\u00e9giaques\n                                        <\/a>\n                                    <\/h2>\n                                                                                                            \n                                        <div class=\"font-size-2  mb-2 text-truncate\">\n                                            <a href=\"https:\/\/www.riebu.fr\/authors\/33776\" class=\"text-gray-700\">\n                                                Jules Dupuis\n                                            <\/a>\n                                        <\/div>\n                                                                        <p class=\"font-size-2 mb-2 crop-text-2\">\n                                        Un jeune p\u00e2tre, n\u00e9 sur les rives de l\u2019Eure, D\u00e8s le soleil levant, sortant de sa demeure, Choisissait avec soin les pr\u00e9s gras et fleuris, Et, content de son sort, y gardait ses brebis. Les fruits et le laitage \u00e9taient sa nourriture, Il \u00e9tanchait sa...\n                                    <\/p>\n                                    <div class=\"price d-flex align-items-center font-weight-medium font-size-3\">\n                                        <span class=\"woocommerce-Price-amount amount\">\n                                                                                            \n                                                3,49EUR\n                                                                                    <\/span>\n                                    <\/div>\n                                                                        <div class=\"product__rating d-flex align-items-center font-size-2\">\n                                        <div class=\"text-yellow-darker mr-2\">\n                                                                                                                                                                                    <small class=\"far fa-star\"><\/small>\n                                                                                            <small class=\"far fa-star\"><\/small>\n                                                                                            <small class=\"far fa-star\"><\/small>\n                                                                                            <small class=\"far fa-star\"><\/small>\n                                                                                            <small class=\"far fa-star\"><\/small>\n                                                                                    <\/div>\n                                        <div class=\"\">(0)<\/div>\n                                    <\/div>\n                                <\/div>\n                                <div class=\"col-md-auto d-flex align-items-center\">\n                                                                            <a href=\"javascript:\" data-target=\"51081\"\n                                            class=\"text-uppercase text-dark h-dark font-weight-medium mr-4 add-to-cart\"\n                                            data-toggle=\"tooltip\" data-placement=\"right\" title=\"\"\n                                            data-original-title=\"ADD TO CART\">\n                                            <span class=\"product__add-to-cart\">Ajouter au panier<\/span>\n                                            <span class=\"product__add-to-cart-icon font-size-4\">\n                                                <i class=\"flaticon-icon-126515\"><\/i>\n                                            <\/span>\n                                        <\/a>\n                                                                                                        <\/div>\n                            <\/div>\n                        <\/div>\n                    <\/li>\n                            <\/ul>\n            \n                <!-- End Mockup Block -->\n    <\/div>\n<\/div>\n<!-- End Tab Content -->\n\n<nav class=\"pagination__wrapper\" aria-label=\"Page navigation example\">\n    <ul class=\"pagination mx-auto\">\n                    <li class=\"page-item\"><a class=\"page-link\" href=\"https:\/\/www.riebu.fr\/get-filterd-books?page=135\">pr\u00e9c\u00e9dent<\/a><\/li>\n              \n                    \n                                                                        <li class=\"page-item\">\n                            <a class=\"page-link\" href=\"https:\/\/www.riebu.fr\/get-filterd-books?page=1\">1<\/a>\n                        <\/li>\n                                                                                <li class=\"page-item\">\n                            <a class=\"page-link\" href=\"https:\/\/www.riebu.fr\/get-filterd-books?page=2\">2<\/a>\n                        <\/li>\n                                                                                    <li class=\"page-item disabled\">...<\/li>\n            \n                                \n                                                                        <li class=\"page-item\">\n                            <a class=\"page-link\" href=\"https:\/\/www.riebu.fr\/get-filterd-books?page=133\">133<\/a>\n                        <\/li>\n                                                                                <li class=\"page-item\">\n                            <a class=\"page-link\" href=\"https:\/\/www.riebu.fr\/get-filterd-books?page=134\">134<\/a>\n                        <\/li>\n                                                                                <li class=\"page-item\">\n                            <a class=\"page-link\" href=\"https:\/\/www.riebu.fr\/get-filterd-books?page=135\">135<\/a>\n                        <\/li>\n                                                                                <li class=\"page-item active\">\n                            <a class=\"page-link\">136<\/a>\n                        <\/li>\n                                                                                <li class=\"page-item\">\n                            <a class=\"page-link\" href=\"https:\/\/www.riebu.fr\/get-filterd-books?page=137\">137<\/a>\n                        <\/li>\n                                                                                <li class=\"page-item\">\n                            <a class=\"page-link\" href=\"https:\/\/www.riebu.fr\/get-filterd-books?page=138\">138<\/a>\n                        <\/li>\n                                                                                <li class=\"page-item\">\n                            <a class=\"page-link\" href=\"https:\/\/www.riebu.fr\/get-filterd-books?page=139\">139<\/a>\n                        <\/li>\n                                                                                    <li class=\"page-item disabled\">...<\/li>\n            \n                                \n                                                                        <li class=\"page-item\">\n                            <a class=\"page-link\" href=\"https:\/\/www.riebu.fr\/get-filterd-books?page=2494\">2494<\/a>\n                        <\/li>\n                                                                                <li class=\"page-item\">\n                            <a class=\"page-link\" href=\"https:\/\/www.riebu.fr\/get-filterd-books?page=2495\">2495<\/a>\n                        <\/li>\n                                                                \n                    <li class=\"page-item\">\n                <a class=\"page-link\" href=\"https:\/\/www.riebu.fr\/get-filterd-books?page=137\" rel=\"next\">Suivant<\/a>\n            <\/li>\n            <\/ul>\n<\/nav>\n\n","count_html":"<p class=\"woocommerce-result-count m-0\">\n    Affichage de 1351 \u2013 1360 sur 24949 R\u00e9sultats\n<\/p>\n"}